{"id":157011,"date":"2023-01-14T16:23:49","date_gmt":"2023-01-14T15:23:49","guid":{"rendered":"https:\/\/feuerwehr.weyersdorf.at\/?p=157011"},"modified":"2023-01-14T16:44:25","modified_gmt":"2023-01-14T15:44:25","slug":"atemschutzleistungstest-12-01-2023","status":"publish","type":"post","link":"https:\/\/feuerwehr.weyersdorf.at\/?p=157011","title":{"rendered":"Atemschutzleistungstest 12.01.2023"},"content":{"rendered":"<p>Heute wurde der allj\u00e4hrliche Leistungs- und Tauglichkeitstest unserer Atemschutzger\u00e4tetr\u00e4ger im und um das FF-Haus durchgef\u00fchrt.<\/p>\n<p>Unter der Leitung unserer Sachbearbeiterin, SB Kerstin Wachter, wurde der sogenannte Finnentest ausgef\u00fchrt.<\/p>\n<p>Beim Finnentest muss ein gro\u00dfes Rad mit einem Vorschlaghammer \u00fcber eine gewisse Distanz bewegt werden. 2 Kanister mit jeweils ca. 10 Liter Wasser bef\u00fcllt, mussten \u00fcber 100m getragen werden. Im Anschluss mussten mind. 100 Stufen sowohl aufw\u00e4rts als auch wieder runter bezwungen werden.<\/p>\n<p>Alle unsere Atemschutzger\u00e4tetr\u00e4ger haben den Test bestanden und sind somit fit f\u00fcr die entsprechenden Eins\u00e4tze zum Schutz unserer Bev\u00f6lkerung.<\/p>\n","protected":false},"excerpt":{"rendered":"<p>Heute wurde der allj\u00e4hrliche Leistungs- und Tauglichkeitstest unserer Atemschutzger\u00e4tetr\u00e4ger im und um das FF-Haus durchgef\u00fchrt. Unter der Leitung unserer Sachbearbeiterin, SB Kerstin Wachter, wurde der sogenannte Finnentest ausgef\u00fchrt. Beim Finnentest [&hellip;]<\/p>\n","protected":false},"author":7,"featured_media":156990,"comment_status":"closed","ping_status":"open","sticky":false,"template":"","format":"standard","meta":{"_acf_changed":false,"footnotes":""},"categories":[8,6],"tags":[],"class_list":["post-157011","post","type-post","status-publish","format-standard","has-post-thumbnail","hentry","category-aktuelles","category-uebung"],"acf":[],"_links":{"self":[{"href":"https:\/\/feuerwehr.weyersdorf.at\/index.php?rest_route=\/wp\/v2\/posts\/157011","targetHints":{"allow":["GET"]}}],"collection":[{"href":"https:\/\/feuerwehr.weyersdorf.at\/index.php?rest_route=\/wp\/v2\/posts"}],"about":[{"href":"https:\/\/feuerwehr.weyersdorf.at\/index.php?rest_route=\/wp\/v2\/types\/post"}],"author":[{"embeddable":true,"href":"https:\/\/feuerwehr.weyersdorf.at\/index.php?rest_route=\/wp\/v2\/users\/7"}],"replies":[{"embeddable":true,"href":"https:\/\/feuerwehr.weyersdorf.at\/index.php?rest_route=%2Fwp%2Fv2%2Fcomments&post=157011"}],"version-history":[{"count":3,"href":"https:\/\/feuerwehr.weyersdorf.at\/index.php?rest_route=\/wp\/v2\/posts\/157011\/revisions"}],"predecessor-version":[{"id":157059,"href":"https:\/\/feuerwehr.weyersdorf.at\/index.php?rest_route=\/wp\/v2\/posts\/157011\/revisions\/157059"}],"wp:featuredmedia":[{"embeddable":true,"href":"https:\/\/feuerwehr.weyersdorf.at\/index.php?rest_route=\/wp\/v2\/media\/156990"}],"wp:attachment":[{"href":"https:\/\/feuerwehr.weyersdorf.at\/index.php?rest_route=%2Fwp%2Fv2%2Fmedia&parent=157011"}],"wp:term":[{"taxonomy":"category","embeddable":true,"href":"https:\/\/feuerwehr.weyersdorf.at\/index.php?rest_route=%2Fwp%2Fv2%2Fcategories&post=157011"},{"taxonomy":"post_tag","embeddable":true,"href":"https:\/\/feuerwehr.weyersdorf.at\/index.php?rest_route=%2Fwp%2Fv2%2Ftags&post=157011"}],"curies":[{"name":"wp","href":"https:\/\/api.w.org\/{rel}","templated":true}]}}