{"id":181506,"date":"2023-03-26T13:48:05","date_gmt":"2023-03-26T11:48:05","guid":{"rendered":"https:\/\/feuerwehr.weyersdorf.at\/?p=181506"},"modified":"2023-03-26T13:48:05","modified_gmt":"2023-03-26T11:48:05","slug":"waldbrand-bei-silberner-birne-25-26-03-2023","status":"publish","type":"post","link":"https:\/\/feuerwehr.weyersdorf.at\/?p=181506","title":{"rendered":"Waldbrand bei silberner Birne 25.-26.03.2023"},"content":{"rendered":"<p>Wir wurden am 25.03.2023 zu einem Waldbrand mit mittlerer Ausdehnung gerufen. Alarmiert wurde gem. Alarmstufe B2 zwischen Weyersdorf und Gansbach.<\/p>\n<p>Trotz der weithin sichtbaren Rauchwolke war es nicht einfach eine Zufahrt zum Brandherd zu finden. Am Einsatzort angekommen stellte sich rasch heraus, dass die alarmierten Kr\u00e4fte f\u00fcr die Brandbek\u00e4mpfung nicht ausreichen werden. Zus\u00e4tzlich wirkte der starke Wind und Trockenheit brandbeschleunigend. Innerhalb kurzer Zeit standen ca. 7 Hektar des Dunkelsteiner Waldes in Flammen.<!--more--><\/p>\n<p>Schon kurz danach fiel den Ermittlern der Polizeiinspektion Prinzersdorf ein Mann im Brandbereich auf. Schnell war klar, dass er den Waldbrand ausgel\u00f6st haben d\u00fcrfte. Gegen\u00fcber der Polizei gab er an, dass ihm eine Zigarette aus der Hand gefallen sei. Er habe noch versucht, den Brand selbst zu l\u00f6schen \u2013 allerdings vergeblich. Der Mann wird wegen fahrl\u00e4ssiger Herbeif\u00fchrung einer Feuersbrunst angezeigt.<\/p>\n<p>Schlie\u00dflich k\u00e4mpften 19 Feuerwehren aus zwei Bezirken mit rund 350 Feuerwehrleuten bis in die Nachtstunden gegen die Flammen, die immer wieder vom Wind angefacht wurden. Es wurde ein Pendelverkehr mit Tankl\u00f6schfahrzeugen eingerichtet, zudem war ein L\u00f6schhubschrauber und ein Erkundungshubschrauber im Einsatz. Eine weitere Herausforderung war die Wasserversorgung. Es wurden mehrere Kilometer Schlauchleitungen verlegt und aus angrenzenden Fischteichen gespeist.<\/p>\n<p>Im Einsatz waren unter anderem der Abschnitts-Kdt Karl Lechner und Bezirks-Kdt Georg Schr\u00f6der. In der Bezirksalarmzentrale in St. P\u00f6lten wurde ein F\u00fchrungsstab zur Unterst\u00fctzung der lokalen Einsatzleitung gebildet.<\/p>\n<p>Die Nachl\u00f6scharbeiten dauern auch am Sonntag noch an. Mit etwa 80 Mitgliedern der Feuerwehr wurden im unwegsamen Gel\u00e4nde Glutnester aufgesp\u00fcrt und Wurzelst\u00f6cke abgel\u00f6scht. Mit der W\u00e4rmebildkamera einer Drohne wurde die Lage aus der Luft erkundet, um die Fu\u00dftrupps mit den L\u00f6schrucks\u00e4cken an die richtigen Stellen zu lotsen. Wie lange die L\u00f6scharbeiten noch dauern werden, war Sonntagvormittag nicht absehbar.<\/p>\n<p>Auf beide Einsatztage verteilt waren 21 Feuerwehren mit rd. 40 Fahrzeugen und ca. 400 Mann im Einsatz. Mit im Einsatz waren der Samariterbund aus Gansbach sowie das Rote Kreuz aus St. P\u00f6lten, ebenso die Polizei mit Boden- und Lufteinheit.<\/p>\n<p>Auch wenn die Waldbrandverordnung derzeit nicht in allen Bezirken in Kraft ist, appellierten die Einsatzkr\u00e4fte aufgrund der Trockenheit, im Waldbereich keinesfalls zu rauchen oder offenes Feuer zu entz\u00fcnden.<\/p>\n<p>https:\/\/fb.watch\/jvVvrVa9xX\/<\/p>\n<p>Fotos teilweise von Helmut Stamberg<\/p>\n","protected":false},"excerpt":{"rendered":"<p>Wir wurden am 25.03.2023 zu einem Waldbrand mit mittlerer Ausdehnung gerufen. Alarmiert wurde gem. Alarmstufe B2 zwischen Weyersdorf und Gansbach. Trotz der weithin sichtbaren Rauchwolke war es nicht einfach eine [&hellip;]<\/p>\n","protected":false},"author":7,"featured_media":181534,"comment_status":"closed","ping_status":"open","sticky":false,"template":"","format":"standard","meta":{"_acf_changed":false,"footnotes":""},"categories":[8,4,3],"tags":[],"class_list":["post-181506","post","type-post","status-publish","format-standard","has-post-thumbnail","hentry","category-aktuelles","category-brandeinsatz","category-einsaetze"],"acf":[],"_links":{"self":[{"href":"https:\/\/feuerwehr.weyersdorf.at\/index.php?rest_route=\/wp\/v2\/posts\/181506","targetHints":{"allow":["GET"]}}],"collection":[{"href":"https:\/\/feuerwehr.weyersdorf.at\/index.php?rest_route=\/wp\/v2\/posts"}],"about":[{"href":"https:\/\/feuerwehr.weyersdorf.at\/index.php?rest_route=\/wp\/v2\/types\/post"}],"author":[{"embeddable":true,"href":"https:\/\/feuerwehr.weyersdorf.at\/index.php?rest_route=\/wp\/v2\/users\/7"}],"replies":[{"embeddable":true,"href":"https:\/\/feuerwehr.weyersdorf.at\/index.php?rest_route=%2Fwp%2Fv2%2Fcomments&post=181506"}],"version-history":[{"count":4,"href":"https:\/\/feuerwehr.weyersdorf.at\/index.php?rest_route=\/wp\/v2\/posts\/181506\/revisions"}],"predecessor-version":[{"id":181573,"href":"https:\/\/feuerwehr.weyersdorf.at\/index.php?rest_route=\/wp\/v2\/posts\/181506\/revisions\/181573"}],"wp:featuredmedia":[{"embeddable":true,"href":"https:\/\/feuerwehr.weyersdorf.at\/index.php?rest_route=\/wp\/v2\/media\/181534"}],"wp:attachment":[{"href":"https:\/\/feuerwehr.weyersdorf.at\/index.php?rest_route=%2Fwp%2Fv2%2Fmedia&parent=181506"}],"wp:term":[{"taxonomy":"category","embeddable":true,"href":"https:\/\/feuerwehr.weyersdorf.at\/index.php?rest_route=%2Fwp%2Fv2%2Fcategories&post=181506"},{"taxonomy":"post_tag","embeddable":true,"href":"https:\/\/feuerwehr.weyersdorf.at\/index.php?rest_route=%2Fwp%2Fv2%2Ftags&post=181506"}],"curies":[{"name":"wp","href":"https:\/\/api.w.org\/{rel}","templated":true}]}}