{"id":222323,"date":"2023-08-05T13:24:45","date_gmt":"2023-08-05T11:24:45","guid":{"rendered":"https:\/\/feuerwehr.weyersdorf.at\/?p=222323"},"modified":"2023-08-05T13:35:25","modified_gmt":"2023-08-05T11:35:25","slug":"fire-action-day-29-07-2023","status":"publish","type":"post","link":"https:\/\/feuerwehr.weyersdorf.at\/?p=222323","title":{"rendered":"6. Fire Action Day 29.07.2023"},"content":{"rendered":"<p>Zum bereits 6. Mal veranstalteten die Freiwilligen Feuerwehren des Unterabschnitt 3 (Weyersdorf, Karlstetten, Hausenbach, Neidling) einen Fire Action Day um den Kids, aber auch den Erwachsenen den Feuerwehralltag n\u00e4her zu bringen.<!--more--><\/p>\n<p>In Neidling auf der Mehrzweckwiese durften die Teilnehmer im Stationsbetrieb verschiedene \u201eEinsatzszenarien\u201c selber bew\u00e4ltigen. Es gab die Klassiker \u201eKatze auf Baum\u201c, \u201eVerkehrsunfall\u201c, \u201eL\u00f6schangriff\u201c \u2013 aber es gab auch die M\u00f6glichkeit einen Feuerl\u00f6scher mal selber zu bedienen und nat\u00fcrlich unser immer beliebtes Gummib\u00e4ren-Katapult.<\/p>\n<p>Anschlie\u00dfend gab es zur St\u00e4rkung Getr\u00e4nke und W\u00fcrstel f\u00fcr die Kids und als Abschiedsgeschenk noch einen Becher mit dem Logo der Feuerwehrjugend. Wir bedanken uns herzlich f\u00fcr die finanzielle Unterst\u00fctzung der RAIKA-Karlstetten und der Fritscher Handelsagentur.<\/p>\n<p>&nbsp;<\/p>\n","protected":false},"excerpt":{"rendered":"<p>Zum bereits 6. Mal veranstalteten die Freiwilligen Feuerwehren des Unterabschnitt 3 (Weyersdorf, Karlstetten, Hausenbach, Neidling) einen Fire Action Day um den Kids, aber auch den Erwachsenen den Feuerwehralltag n\u00e4her zu [&hellip;]<\/p>\n","protected":false},"author":7,"featured_media":222322,"comment_status":"closed","ping_status":"open","sticky":false,"template":"","format":"standard","meta":{"_acf_changed":false,"footnotes":""},"categories":[8,27],"tags":[],"class_list":["post-222323","post","type-post","status-publish","format-standard","has-post-thumbnail","hentry","category-aktuelles","category-jugend"],"acf":[],"_links":{"self":[{"href":"https:\/\/feuerwehr.weyersdorf.at\/index.php?rest_route=\/wp\/v2\/posts\/222323","targetHints":{"allow":["GET"]}}],"collection":[{"href":"https:\/\/feuerwehr.weyersdorf.at\/index.php?rest_route=\/wp\/v2\/posts"}],"about":[{"href":"https:\/\/feuerwehr.weyersdorf.at\/index.php?rest_route=\/wp\/v2\/types\/post"}],"author":[{"embeddable":true,"href":"https:\/\/feuerwehr.weyersdorf.at\/index.php?rest_route=\/wp\/v2\/users\/7"}],"replies":[{"embeddable":true,"href":"https:\/\/feuerwehr.weyersdorf.at\/index.php?rest_route=%2Fwp%2Fv2%2Fcomments&post=222323"}],"version-history":[{"count":4,"href":"https:\/\/feuerwehr.weyersdorf.at\/index.php?rest_route=\/wp\/v2\/posts\/222323\/revisions"}],"predecessor-version":[{"id":222340,"href":"https:\/\/feuerwehr.weyersdorf.at\/index.php?rest_route=\/wp\/v2\/posts\/222323\/revisions\/222340"}],"wp:featuredmedia":[{"embeddable":true,"href":"https:\/\/feuerwehr.weyersdorf.at\/index.php?rest_route=\/wp\/v2\/media\/222322"}],"wp:attachment":[{"href":"https:\/\/feuerwehr.weyersdorf.at\/index.php?rest_route=%2Fwp%2Fv2%2Fmedia&parent=222323"}],"wp:term":[{"taxonomy":"category","embeddable":true,"href":"https:\/\/feuerwehr.weyersdorf.at\/index.php?rest_route=%2Fwp%2Fv2%2Fcategories&post=222323"},{"taxonomy":"post_tag","embeddable":true,"href":"https:\/\/feuerwehr.weyersdorf.at\/index.php?rest_route=%2Fwp%2Fv2%2Ftags&post=222323"}],"curies":[{"name":"wp","href":"https:\/\/api.w.org\/{rel}","templated":true}]}}