{"id":231538,"date":"2023-09-13T20:53:57","date_gmt":"2023-09-13T18:53:57","guid":{"rendered":"https:\/\/feuerwehr.weyersdorf.at\/?p=231538"},"modified":"2023-09-13T20:53:57","modified_gmt":"2023-09-13T18:53:57","slug":"geburtstage-von-unterstuetzern-der-ff-weyersdorf-08-2023","status":"publish","type":"post","link":"https:\/\/feuerwehr.weyersdorf.at\/?p=231538","title":{"rendered":"Geburtstage von Unterst\u00fctzern der FF Weyersdorf 08.2023"},"content":{"rendered":"<p>Wir hatten die Ehre 2 von unseren langj\u00e4hrigen Unterst\u00fctzern und Helfern zum runden Geburtstag zu Gratulieren.<!--more--><\/p>\n<p>Renate Wachter ist nicht nur eine sehr hilfreiche Kraft bei unseren Sonnwendfesten in der K\u00fcche sondern auch Patin unserer Tragkraftspritze. Weiters darf noch erw\u00e4hnt werden, dass Sie auch f\u00fcr den erhalt des Personalstandes unserer Wehr Ihren Beitrag geleistet hat. Tochter Kerstin und Schwiegersohn in spe, Michael, sind sehr aktive Mitglieder in der FF-Weyersdorf.<\/p>\n<p>Karl Seiberl ist ebenfalls jahrzehntelanger Unterst\u00fctzer bei unseren Feuerwehrfesten. Sein Engagement war auch beim Bau unseres FF-Hauses gut sichtbar. Neben der K\u00fcche im Gemeinschaftsraum wurden auch die Spinde in der Umkleide, sowohl f\u00fcr die Damen als auch f\u00fcr die Herren unter seine federf\u00fchrenden Mitwirkung in Eigenregie produziert.<\/p>\n<p>&nbsp;<\/p>\n<p>Wir gratulieren an dieser Stelle beiden nochmals zu Ihrem Wiegenfeste, bedanken uns f\u00fcr die treue Unterst\u00fctzung und w\u00fcnschen beste Gesundheit sowie dass uns beider weiterhin so tatkr\u00e4ftig unterst\u00fctzen.<\/p>\n","protected":false},"excerpt":{"rendered":"<p>Wir hatten die Ehre 2 von unseren langj\u00e4hrigen Unterst\u00fctzern und Helfern zum runden Geburtstag zu Gratulieren.<\/p>\n","protected":false},"author":7,"featured_media":231536,"comment_status":"closed","ping_status":"open","sticky":false,"template":"","format":"standard","meta":{"_acf_changed":false,"footnotes":""},"categories":[8,21],"tags":[],"class_list":["post-231538","post","type-post","status-publish","format-standard","has-post-thumbnail","hentry","category-aktuelles","category-veranstaltung"],"acf":[],"_links":{"self":[{"href":"https:\/\/feuerwehr.weyersdorf.at\/index.php?rest_route=\/wp\/v2\/posts\/231538","targetHints":{"allow":["GET"]}}],"collection":[{"href":"https:\/\/feuerwehr.weyersdorf.at\/index.php?rest_route=\/wp\/v2\/posts"}],"about":[{"href":"https:\/\/feuerwehr.weyersdorf.at\/index.php?rest_route=\/wp\/v2\/types\/post"}],"author":[{"embeddable":true,"href":"https:\/\/feuerwehr.weyersdorf.at\/index.php?rest_route=\/wp\/v2\/users\/7"}],"replies":[{"embeddable":true,"href":"https:\/\/feuerwehr.weyersdorf.at\/index.php?rest_route=%2Fwp%2Fv2%2Fcomments&post=231538"}],"version-history":[{"count":1,"href":"https:\/\/feuerwehr.weyersdorf.at\/index.php?rest_route=\/wp\/v2\/posts\/231538\/revisions"}],"predecessor-version":[{"id":231539,"href":"https:\/\/feuerwehr.weyersdorf.at\/index.php?rest_route=\/wp\/v2\/posts\/231538\/revisions\/231539"}],"wp:featuredmedia":[{"embeddable":true,"href":"https:\/\/feuerwehr.weyersdorf.at\/index.php?rest_route=\/wp\/v2\/media\/231536"}],"wp:attachment":[{"href":"https:\/\/feuerwehr.weyersdorf.at\/index.php?rest_route=%2Fwp%2Fv2%2Fmedia&parent=231538"}],"wp:term":[{"taxonomy":"category","embeddable":true,"href":"https:\/\/feuerwehr.weyersdorf.at\/index.php?rest_route=%2Fwp%2Fv2%2Fcategories&post=231538"},{"taxonomy":"post_tag","embeddable":true,"href":"https:\/\/feuerwehr.weyersdorf.at\/index.php?rest_route=%2Fwp%2Fv2%2Ftags&post=231538"}],"curies":[{"name":"wp","href":"https:\/\/api.w.org\/{rel}","templated":true}]}}