{"id":243601,"date":"2024-01-25T18:30:02","date_gmt":"2024-01-25T17:30:02","guid":{"rendered":"https:\/\/feuerwehr.weyersdorf.at\/?p=243601"},"modified":"2024-01-25T18:30:02","modified_gmt":"2024-01-25T17:30:02","slug":"89-mitgliederversammlung-13-01-2024","status":"publish","type":"post","link":"https:\/\/feuerwehr.weyersdorf.at\/?p=243601","title":{"rendered":"89. Mitgliederversammlung 13.01.2024"},"content":{"rendered":"<p>Am 13.01.2024 fand unsere 89. Mitgliederversammlung im GH Lind statt. Als Ehreng\u00e4ste konnten wir unseren BGM Ing. Thomas Kraushofer, den Ausschussobmann des Gemeinderates f\u00fcr Feuerwehrwesen Mag. Hannes Atzinger, Abeitlungskommandant des RK Nikolaus Diendorfer, Abteilungsinspektor Bandion von der Polizeiinspektion Prinzersdorf sowie AFKDT-Stv ABI Schaberger und UAKDT HBI Rubisoier begr\u00fc\u00dfen.<!--more--><\/p>\n<p>Im Jahr 2023 r\u00fcckten wir zu 25 Eins\u00e4tzen aus. Die ist das zweitst\u00e4rkste Einsatzjahr seit der Gr\u00fcndung unserer Wehr im Jahre 1936. Unsere KameradInnen leisteten zus\u00e4tzlich in 26 \u00dcbungen, 41 Jugendstunden sowie div. T\u00e4tigkeiten und Schulungen \u00fcber 3.500 Stunden zum Wohle und zur Sicherheit unserer Bev\u00f6lkerung.<\/p>\n<p>Nach dem Bericht unseres KDT OBI Andreas Moser gab dieser bekannt, aus pers\u00f6nlichen und beruflichen Gr\u00fcnden f\u00fcr eine weitere Periode ab 2026 als Kommandant nicht mehr zur Verf\u00fcgung zu stehen.<\/p>\n<p>Es folgten die Berichte der Sachbearbeiter, wobei unser wohl spektakul\u00e4rster und l\u00e4ngst andauernder Einsatz beim Waldbrand im Bereich der Silbernen Birne besonders zu erw\u00e4hnen ist. Hier wurden ca. 350 Feuerwehrkr\u00e4fte aus 19 Feuerwehren sowie 2 Hubschrauber und eine Drohne koordiniert. Gro\u00dfer Dank galt auch der Bev\u00f6lkerung und Freunden der FF Weyersdorf auszusprechen, welche in k\u00fcrzester Zeit Verpflegung f\u00fcr die eingesetzten Kr\u00e4fte organisiert haben.<\/p>\n<p>Bef\u00f6rderungen:<\/p>\n<p>Sara Schmalek w\u00fcrde in den Aktivstand \u00fcbernommen und es wurde Ihr der Dienstgrad PFM verliehen. Sara ist auch die 1. in unserer Wehr, die das FJLA in Gold erworben hat. An dieser Stelle nochmals herzliche Gratulation.<\/p>\n<p>Inge Steiner zum HFM<\/p>\n<p>Gerhard Wallner zum HFM<\/p>\n<p>Martin \u00d6llerer zum HFM<\/p>\n<p>Nach den Ansprachen der Ehreng\u00e4ste konnten wir die Mitgliederversammlung abschlie\u00dfen und in den gem\u00fctlichen Teil \u00fcbergehen.<\/p>\n","protected":false},"excerpt":{"rendered":"<p>Am 13.01.2024 fand unsere 89. Mitgliederversammlung im GH Lind statt. Als Ehreng\u00e4ste konnten wir unseren BGM Ing. Thomas Kraushofer, den Ausschussobmann des Gemeinderates f\u00fcr Feuerwehrwesen Mag. Hannes Atzinger, Abeitlungskommandant des [&hellip;]<\/p>\n","protected":false},"author":7,"featured_media":243598,"comment_status":"closed","ping_status":"open","sticky":false,"template":"","format":"standard","meta":{"_acf_changed":false,"footnotes":""},"categories":[8,1,21],"tags":[],"class_list":["post-243601","post","type-post","status-publish","format-standard","has-post-thumbnail","hentry","category-aktuelles","category-allgemein","category-veranstaltung"],"acf":[],"_links":{"self":[{"href":"https:\/\/feuerwehr.weyersdorf.at\/index.php?rest_route=\/wp\/v2\/posts\/243601","targetHints":{"allow":["GET"]}}],"collection":[{"href":"https:\/\/feuerwehr.weyersdorf.at\/index.php?rest_route=\/wp\/v2\/posts"}],"about":[{"href":"https:\/\/feuerwehr.weyersdorf.at\/index.php?rest_route=\/wp\/v2\/types\/post"}],"author":[{"embeddable":true,"href":"https:\/\/feuerwehr.weyersdorf.at\/index.php?rest_route=\/wp\/v2\/users\/7"}],"replies":[{"embeddable":true,"href":"https:\/\/feuerwehr.weyersdorf.at\/index.php?rest_route=%2Fwp%2Fv2%2Fcomments&post=243601"}],"version-history":[{"count":1,"href":"https:\/\/feuerwehr.weyersdorf.at\/index.php?rest_route=\/wp\/v2\/posts\/243601\/revisions"}],"predecessor-version":[{"id":243602,"href":"https:\/\/feuerwehr.weyersdorf.at\/index.php?rest_route=\/wp\/v2\/posts\/243601\/revisions\/243602"}],"wp:featuredmedia":[{"embeddable":true,"href":"https:\/\/feuerwehr.weyersdorf.at\/index.php?rest_route=\/wp\/v2\/media\/243598"}],"wp:attachment":[{"href":"https:\/\/feuerwehr.weyersdorf.at\/index.php?rest_route=%2Fwp%2Fv2%2Fmedia&parent=243601"}],"wp:term":[{"taxonomy":"category","embeddable":true,"href":"https:\/\/feuerwehr.weyersdorf.at\/index.php?rest_route=%2Fwp%2Fv2%2Fcategories&post=243601"},{"taxonomy":"post_tag","embeddable":true,"href":"https:\/\/feuerwehr.weyersdorf.at\/index.php?rest_route=%2Fwp%2Fv2%2Ftags&post=243601"}],"curies":[{"name":"wp","href":"https:\/\/api.w.org\/{rel}","templated":true}]}}