{"id":243621,"date":"2024-04-07T09:45:34","date_gmt":"2024-04-07T07:45:34","guid":{"rendered":"https:\/\/feuerwehr.weyersdorf.at\/?p=243621"},"modified":"2024-04-07T09:45:34","modified_gmt":"2024-04-07T07:45:34","slug":"abschnittsfeuerwehrtag-2024","status":"publish","type":"post","link":"https:\/\/feuerwehr.weyersdorf.at\/?p=243621","title":{"rendered":"Abschnittsfeuerwehrtag 2024"},"content":{"rendered":"<p>Der diesj\u00e4hrige Abschnittsfeuerwehrtag des Feuerwehrabschnitts St. P\u00f6lten-West fand am 15.3.24 in Weinburg statt.<\/p>\n<p>Nach den Berichten von Abschnittsfeuerwehrkommandant BR Karl Lechner und den Worten der Ehreng\u00e4ste wurden Ehrungen und Auszeichnungen f\u00fcr besondere verdienstvolle und langj\u00e4hrige T\u00e4tigkeiten im Feuerwehrwesen \u00fcbergeben.<\/p>\n<p>Folgende Mitglieder unserer Wehr haben Auszeichnungen erhalten:<\/p>\n<p>SB David Kollerus: Verdienstmedaille des N\u00d6LFV in Bronze<\/p>\n<p>HFM Karl Kollerus: Ehrenzeichen f\u00fcr 60j\u00e4hrige verdienstvolle Feuerwehrt\u00e4tigkeit<\/p>\n<p>Das Kommando und die Mannschaft der Feuerwehr Weyersdorf gratuliert den geehrten Mitgliedern nochmals recht herzlich!<\/p>\n","protected":false},"excerpt":{"rendered":"<p>Der diesj\u00e4hrige Abschnittsfeuerwehrtag des Feuerwehrabschnitts St. P\u00f6lten-West fand am 15.3.24 in Weinburg statt. Nach den Berichten von Abschnittsfeuerwehrkommandant BR Karl Lechner und den Worten der Ehreng\u00e4ste wurden Ehrungen und Auszeichnungen [&hellip;]<\/p>\n","protected":false},"author":7,"featured_media":243623,"comment_status":"closed","ping_status":"open","sticky":false,"template":"","format":"standard","meta":{"_acf_changed":false,"footnotes":""},"categories":[8,1,21],"tags":[],"class_list":["post-243621","post","type-post","status-publish","format-standard","has-post-thumbnail","hentry","category-aktuelles","category-allgemein","category-veranstaltung"],"acf":[],"_links":{"self":[{"href":"https:\/\/feuerwehr.weyersdorf.at\/index.php?rest_route=\/wp\/v2\/posts\/243621","targetHints":{"allow":["GET"]}}],"collection":[{"href":"https:\/\/feuerwehr.weyersdorf.at\/index.php?rest_route=\/wp\/v2\/posts"}],"about":[{"href":"https:\/\/feuerwehr.weyersdorf.at\/index.php?rest_route=\/wp\/v2\/types\/post"}],"author":[{"embeddable":true,"href":"https:\/\/feuerwehr.weyersdorf.at\/index.php?rest_route=\/wp\/v2\/users\/7"}],"replies":[{"embeddable":true,"href":"https:\/\/feuerwehr.weyersdorf.at\/index.php?rest_route=%2Fwp%2Fv2%2Fcomments&post=243621"}],"version-history":[{"count":2,"href":"https:\/\/feuerwehr.weyersdorf.at\/index.php?rest_route=\/wp\/v2\/posts\/243621\/revisions"}],"predecessor-version":[{"id":243626,"href":"https:\/\/feuerwehr.weyersdorf.at\/index.php?rest_route=\/wp\/v2\/posts\/243621\/revisions\/243626"}],"wp:featuredmedia":[{"embeddable":true,"href":"https:\/\/feuerwehr.weyersdorf.at\/index.php?rest_route=\/wp\/v2\/media\/243623"}],"wp:attachment":[{"href":"https:\/\/feuerwehr.weyersdorf.at\/index.php?rest_route=%2Fwp%2Fv2%2Fmedia&parent=243621"}],"wp:term":[{"taxonomy":"category","embeddable":true,"href":"https:\/\/feuerwehr.weyersdorf.at\/index.php?rest_route=%2Fwp%2Fv2%2Fcategories&post=243621"},{"taxonomy":"post_tag","embeddable":true,"href":"https:\/\/feuerwehr.weyersdorf.at\/index.php?rest_route=%2Fwp%2Fv2%2Ftags&post=243621"}],"curies":[{"name":"wp","href":"https:\/\/api.w.org\/{rel}","templated":true}]}}