{"id":243732,"date":"2024-09-13T08:41:54","date_gmt":"2024-09-13T06:41:54","guid":{"rendered":"https:\/\/feuerwehr.weyersdorf.at\/?p=243732"},"modified":"2024-09-13T08:41:54","modified_gmt":"2024-09-13T06:41:54","slug":"bundesfeuerwehrleistungsbewerb-in-feldkirch-30-08-01-09-2024","status":"publish","type":"post","link":"https:\/\/feuerwehr.weyersdorf.at\/?p=243732","title":{"rendered":"Bundesfeuerwehrleistungsbewerb in Feldkirch 30.08. \u2013 01.09.2024"},"content":{"rendered":"<p>Wir waren dabei.<\/p>\n<p>Unser HBI Michael Moser war als Bewerter beim Bundesfeuerwehrleistungsbewerb in Feldkirch in Vorarlberg eingesetzt.<!--more--><\/p>\n<p>Der 14. Bundesfeuerwehrleistungsbewerb in Feldkirch ist zu Ende. 384 Gruppen aus \u00d6sterreich und 28 G\u00e4stegruppen aus Deutschland, Frankreich, Italien (S\u00fcdtirol), Liechtenstein, Slowenien und der Schweiz k\u00e4mpften um den Bundessieg. Die Gruppe der Freiwilligen Feuerwehr Bad M\u00fchllacken 1 siegte bei den M\u00e4nnern mit einem unglaublichen fehlerfreien Lauf von 27,88 Sekunden und 48,50 Sekunden im Staffellauf. Bei den Damen ging der Sieg ebenfalls nach Ober\u00f6sterreich: Unterstetten 2 lief mit 38,64 Sekunden beim L\u00f6schangriff und 62,69 beim Staffellauf fehlerfrei zum Sieg.<\/p>\n<p>\u201eIm Zuge des Bewerbs wurden gor\u00dfartige Leistungen abgerufen und es freut mich, dass bei all der Spitzenleistung der Bewerb selbst reibungslos abgelaufen ist. Ein gro\u00dfer Dank gilt allen, die daf\u00fcr Sorge getragen haben: Von der Freiwilligen Feuerwehr Feldkirch-Gisingen unter dem Kommando von Dominik Leimegger, dem LFV Vorarlberg mit dem Team von Landesfeuerwehrinspektor Herbert \u00d6sterle, dem Bewerterstab unter der Leitung des Bundes-Bewerbsleiters Hannes Niedermayer, dem Team des \u00d6BFV Generalsekretariats bis hin zur Stabstelle Kommunikation im \u00d6BFV haben alle auf h\u00f6chst professionellem Niveau im Vorfeld, w\u00e4hrend der Veranstaltung und danach daf\u00fcr gesorgt, dass mit den 412 Bewerbsgruppen ein Event zustande kam, welches unvergesslich bleiben wird\u201c, zeigte sich Feuerwehrpr\u00e4sident Robert Mayer stolz auf den Zusammenhalt, das Engagement und die Leistungen des gesamten Feuerwehrapparats.<\/p>\n<p>Fotos: (C) \u00d6BFV<\/p>\n","protected":false},"excerpt":{"rendered":"<p>Wir waren dabei. Unser HBI Michael Moser war als Bewerter beim Bundesfeuerwehrleistungsbewerb in Feldkirch in Vorarlberg eingesetzt.<\/p>\n","protected":false},"author":7,"featured_media":243726,"comment_status":"closed","ping_status":"open","sticky":false,"template":"","format":"standard","meta":{"_acf_changed":false,"footnotes":""},"categories":[8,21],"tags":[],"class_list":["post-243732","post","type-post","status-publish","format-standard","has-post-thumbnail","hentry","category-aktuelles","category-veranstaltung"],"acf":[],"_links":{"self":[{"href":"https:\/\/feuerwehr.weyersdorf.at\/index.php?rest_route=\/wp\/v2\/posts\/243732","targetHints":{"allow":["GET"]}}],"collection":[{"href":"https:\/\/feuerwehr.weyersdorf.at\/index.php?rest_route=\/wp\/v2\/posts"}],"about":[{"href":"https:\/\/feuerwehr.weyersdorf.at\/index.php?rest_route=\/wp\/v2\/types\/post"}],"author":[{"embeddable":true,"href":"https:\/\/feuerwehr.weyersdorf.at\/index.php?rest_route=\/wp\/v2\/users\/7"}],"replies":[{"embeddable":true,"href":"https:\/\/feuerwehr.weyersdorf.at\/index.php?rest_route=%2Fwp%2Fv2%2Fcomments&post=243732"}],"version-history":[{"count":1,"href":"https:\/\/feuerwehr.weyersdorf.at\/index.php?rest_route=\/wp\/v2\/posts\/243732\/revisions"}],"predecessor-version":[{"id":243733,"href":"https:\/\/feuerwehr.weyersdorf.at\/index.php?rest_route=\/wp\/v2\/posts\/243732\/revisions\/243733"}],"wp:featuredmedia":[{"embeddable":true,"href":"https:\/\/feuerwehr.weyersdorf.at\/index.php?rest_route=\/wp\/v2\/media\/243726"}],"wp:attachment":[{"href":"https:\/\/feuerwehr.weyersdorf.at\/index.php?rest_route=%2Fwp%2Fv2%2Fmedia&parent=243732"}],"wp:term":[{"taxonomy":"category","embeddable":true,"href":"https:\/\/feuerwehr.weyersdorf.at\/index.php?rest_route=%2Fwp%2Fv2%2Fcategories&post=243732"},{"taxonomy":"post_tag","embeddable":true,"href":"https:\/\/feuerwehr.weyersdorf.at\/index.php?rest_route=%2Fwp%2Fv2%2Ftags&post=243732"}],"curies":[{"name":"wp","href":"https:\/\/api.w.org\/{rel}","templated":true}]}}