{"id":243921,"date":"2025-08-18T16:35:29","date_gmt":"2025-08-18T14:35:29","guid":{"rendered":"https:\/\/feuerwehr.weyersdorf.at\/?p=243921"},"modified":"2025-08-18T16:35:29","modified_gmt":"2025-08-18T14:35:29","slug":"nachruf-ekdt-ebi-herbert-moser","status":"publish","type":"post","link":"https:\/\/feuerwehr.weyersdorf.at\/?p=243921","title":{"rendered":"Nachruf EKdt EBI Herbert Moser"},"content":{"rendered":"<p><strong>\u201e<\/strong>ich hatt einen Kameraden<strong> einen bessren findst du nicht\u2026\u201c<\/strong><\/p>\n<p>Mit diesem Text beginnt das Lied vom guten Kameraden und diese Worte sind auch auf unseren Ehrenkommandanten Herbert Moser zutreffend, denn sein <strong>jahrzehntelanges hervorragendes Engagement f\u00fcr das Feuerwehrwesen war bis zuletzt ungebrochen<\/strong>.<\/p>\n<p>Immer war er stets zur Stelle wenn unsere Mitmenschen seiner Hilfe bedurften oder T\u00e4tigkeiten zur Aufrechterhaltung der Einsatzbereitschaft zu verrichten waren.<!--more--><\/p>\n<p>Die Mannschaft der Freiwilligen Feuerwehr Weyersdorf und die umliegenden Feuerwehren hatten die traurige Aufgabe unserem \u00e4u\u00dferst verdienten Kameraden EBI Herbert Moser auf seinem letzten Weg zu begleiten und ihm f\u00fcr <strong>sein jahrzehntelanges vorbildliches Wirken f\u00fcr die Feuerwehr herzlichst DANKE zu sagen.<\/strong><\/p>\n<p>Die Feuerwehrkarriere begann mit deinem Eintritt 1965, bereits in jungen Jahren hat er verl\u00e4sslich Verantwortung in unserer Feuerwehr \u00fcbernommen, beispielsweise 1977 den Posten des Zeugwartes und zus\u00e4tzlich ab 1979 die Funktion des Atemschutzwartes.<br \/>\nErste F\u00fchrungserfahrung hat er als Gruppenkommandant und Verantwortlicher f\u00fcr die Wettkampfgruppe gesammelt, wobei Ihr zahlreiche Abzeichen und sehr gute Platzierungen errungen habt.<br \/>\n1981 hat er den n\u00e4chsten Schritt gemacht und die Mannschaft hat dich zum Kommandanten-Stellvertreter gew\u00e4hlt. Auch 1986 hat er nicht gez\u00f6gert die Funktion des Kommandanten unserer Feuerwehr zu \u00fcbernehmen.<br \/>\nMit Hingabe, unerm\u00fcdlichem Flei\u00df, aber vor Allem viel Verst\u00e4ndnis f\u00fcr die Anliegen der Mannschaft hat er unsere Wehr gef\u00fchrt. Dabei war er stets bereit sich weiterzubilden und die neuesten Erkenntnisse in punkto Brandbek\u00e4mpfung und technischer Hilfeleistung in die Ausbildung und Ausr\u00fcstung der FF-Weyersdorf einflie\u00dfen zu lassen.<br \/>\nViele Abl\u00e4ufe und Traditionen hat er in seiner Amtszeit eingef\u00fchrt welche wir heute noch pflegen darunter auch unser weithin bekanntes Sonnwendfest.<\/p>\n<p>2001, nach 15 Jahren vorbildlicher Pflichterf\u00fcllung als Feuerwehr-Kommandant hat er sich entschlossen deine F\u00fchrungs-Funktion an j\u00fcngere H\u00e4nde zu \u00fcbergeben. Aber sein Engagement f\u00fcr das Feuerwehrwesen lie\u00df deswegen keineswegs nach, weiterhin hat er sich absolut zuverl\u00e4ssig als Zeugmeister bis 2016 um unsere Ausr\u00fcstung gek\u00fcmmert und unz\u00e4hlige Wartungsarbeiten durchgef\u00fchrt.<\/p>\n<p>Der Neubau unseres Dorfzentrums und Feuerwehrhauses w\u00e4re ohne seine arbeitsamen H\u00e4nde nicht m\u00f6glich gewesen, stets war er auf der Baustelle anwesend um Anlieferungen entgegenzunehmen oder selbst kr\u00e4ftig mit anzupacken.<br \/>\nNach der Fertigstellung war er jahrelang die Gute Seele unseres Feuerwehrhauses der regelm\u00e4\u00dfig nach dem Rechten geschaut hat.<br \/>\nFast jedes Wagerl oder Halterungen in der Fahrzeughalle hat er gebaut und hunderte von Besorgungsfahrten erledigt.<\/p>\n<p>Durch seine unerm\u00fcdlichen Leistungen hat er verdient auch viele Ehrungen und Auszeichnungen erhalten, darunter das Verdienstzeichen des N\u00d6-LFV 3. und 2.Klasse<br \/>\ndas Ehrenzeichen f\u00fcr vielj\u00e4hrige verdienstvolle T\u00e4tigkeit auf dem Gebiete des Feuerwehrwesens zuletzt in der Stufe 60 Jahre<\/p>\n<p>Beim Jahrhunderthochwasser des Vorjahres war es ihm zwar nicht mehr m\u00f6glich zu den Eins\u00e4tzen mit auszur\u00fccken, aber die ganze Woche hindurch war er am Abend im FF-Haus und hat noch mitgeholfen unsere Ausr\u00fcstung und Einsatzbekleidung f\u00fcr den n\u00e4chsten Tag aufzubereiten, hierf\u00fcr durften wir dir noch heuer beim Sonnwendfest die Hochwassereinsatzmedaille \u00fcberreichen.<\/p>\n<p>Die Mannschaft der Freiwilligen Feuerwehr-Weyersdorf wird <strong>dich, immer in ehrender Erinnerung behalten<\/strong>,<br \/>\n<strong>Lieber Herbert \u201eGut Wehr\u201c!<\/strong><\/p>\n<p>&nbsp;<\/p>\n<p>&nbsp;<\/p>\n","protected":false},"excerpt":{"rendered":"<p>\u201eich hatt einen Kameraden einen bessren findst du nicht\u2026\u201c Mit diesem Text beginnt das Lied vom guten Kameraden und diese Worte sind auch auf unseren Ehrenkommandanten Herbert Moser zutreffend, denn [&hellip;]<\/p>\n","protected":false},"author":7,"featured_media":243920,"comment_status":"closed","ping_status":"open","sticky":false,"template":"","format":"standard","meta":{"_acf_changed":false,"footnotes":""},"categories":[8,1],"tags":[],"class_list":["post-243921","post","type-post","status-publish","format-standard","has-post-thumbnail","hentry","category-aktuelles","category-allgemein"],"acf":[],"_links":{"self":[{"href":"https:\/\/feuerwehr.weyersdorf.at\/index.php?rest_route=\/wp\/v2\/posts\/243921","targetHints":{"allow":["GET"]}}],"collection":[{"href":"https:\/\/feuerwehr.weyersdorf.at\/index.php?rest_route=\/wp\/v2\/posts"}],"about":[{"href":"https:\/\/feuerwehr.weyersdorf.at\/index.php?rest_route=\/wp\/v2\/types\/post"}],"author":[{"embeddable":true,"href":"https:\/\/feuerwehr.weyersdorf.at\/index.php?rest_route=\/wp\/v2\/users\/7"}],"replies":[{"embeddable":true,"href":"https:\/\/feuerwehr.weyersdorf.at\/index.php?rest_route=%2Fwp%2Fv2%2Fcomments&post=243921"}],"version-history":[{"count":1,"href":"https:\/\/feuerwehr.weyersdorf.at\/index.php?rest_route=\/wp\/v2\/posts\/243921\/revisions"}],"predecessor-version":[{"id":243922,"href":"https:\/\/feuerwehr.weyersdorf.at\/index.php?rest_route=\/wp\/v2\/posts\/243921\/revisions\/243922"}],"wp:featuredmedia":[{"embeddable":true,"href":"https:\/\/feuerwehr.weyersdorf.at\/index.php?rest_route=\/wp\/v2\/media\/243920"}],"wp:attachment":[{"href":"https:\/\/feuerwehr.weyersdorf.at\/index.php?rest_route=%2Fwp%2Fv2%2Fmedia&parent=243921"}],"wp:term":[{"taxonomy":"category","embeddable":true,"href":"https:\/\/feuerwehr.weyersdorf.at\/index.php?rest_route=%2Fwp%2Fv2%2Fcategories&post=243921"},{"taxonomy":"post_tag","embeddable":true,"href":"https:\/\/feuerwehr.weyersdorf.at\/index.php?rest_route=%2Fwp%2Fv2%2Ftags&post=243921"}],"curies":[{"name":"wp","href":"https:\/\/api.w.org\/{rel}","templated":true}]}}