{"id":269,"date":"2018-03-22T19:57:08","date_gmt":"2018-03-22T18:57:08","guid":{"rendered":"https:\/\/feuerwehr.weyersdorf.at\/?p=269"},"modified":"2018-03-22T19:57:08","modified_gmt":"2018-03-22T18:57:08","slug":"11-03-2018-gemeinsame-einsatzuebung-mit-ff-obritzberg","status":"publish","type":"post","link":"https:\/\/feuerwehr.weyersdorf.at\/?p=269","title":{"rendered":"11.03.2018 gemeinsame Einsatz\u00fcbung mit FF-Obritzberg"},"content":{"rendered":"<div><span style=\"font-family: Calibri,sans-serif; font-size: small;\"><span style=\"font-family: Arial,sans-serif;\">P\u00fcnktlich um 09:00 erfolgte \u00fcber Funkt der Abruf f\u00fcr die FF-Obritzberg und FF-Weyersdorf zur gemeinsamen \u00dcbung im Forsthaus Weyersdorf.<\/span><\/span><\/div>\n<div><span style=\"font-family: Calibri,sans-serif; font-size: small;\"><span style=\"font-family: Arial,sans-serif;\">Als \u00dcbungslage wurde ein Dachstuhlbrand eines Nebengeb\u00e4udes mit im Brandobjekt vermissten Personen dargestellt.<\/span><\/span><\/div>\n<div><span style=\"font-family: Calibri,sans-serif; font-size: small;\"><span style=\"font-family: Arial,sans-serif;\">\u00dcbungsleiter BM Gerhard Wachter jun. lie\u00df nach der Erkundung einen Atemschutztrupp zur Menschenrettung \u00fcber die Leiter in das \u00dcbungsobjekt vordringen.<\/span><\/span><\/div>\n<div><span style=\"font-family: Calibri,sans-serif; font-size: small;\"><span style=\"font-family: Arial,sans-serif;\">Zeitgleich wurde von au\u00dfen ein L\u00f6schangriff zum Eind\u00e4mmen des Brandes gestartet, als Wasserentnahmestelle diente der Teich des Anwesens.<\/span><\/span><\/div>\n<div><span style=\"font-family: Calibri,sans-serif; font-size: small;\"><span style=\"font-family: Arial,sans-serif;\">Ein weiterer Atemschutztrupp konnte auch noch die letzte vermisste Person retten und die simulierten Glutnester abl\u00f6schen.<\/span><\/span><\/div>\n<div><span style=\"font-family: Calibri,sans-serif; font-size: small;\"><span style=\"font-family: Arial,sans-serif;\">Wir bedanken uns bei der \u00f6rtlichen Forstverwaltung f\u00fcr die zur Verf\u00fcgungstellung des \u00dcbungsobjektes.<\/span><\/span><\/div>\n","protected":false},"excerpt":{"rendered":"<p>P\u00fcnktlich um 09:00 erfolgte \u00fcber Funkt der Abruf f\u00fcr die FF-Obritzberg und FF-Weyersdorf zur gemeinsamen \u00dcbung im Forsthaus Weyersdorf. Als \u00dcbungslage wurde ein Dachstuhlbrand eines Nebengeb\u00e4udes mit im Brandobjekt vermissten [&hellip;]<\/p>\n","protected":false},"author":3,"featured_media":270,"comment_status":"closed","ping_status":"open","sticky":false,"template":"","format":"standard","meta":{"_acf_changed":false,"footnotes":""},"categories":[6],"tags":[],"class_list":["post-269","post","type-post","status-publish","format-standard","has-post-thumbnail","hentry","category-uebung"],"acf":[],"_links":{"self":[{"href":"https:\/\/feuerwehr.weyersdorf.at\/index.php?rest_route=\/wp\/v2\/posts\/269","targetHints":{"allow":["GET"]}}],"collection":[{"href":"https:\/\/feuerwehr.weyersdorf.at\/index.php?rest_route=\/wp\/v2\/posts"}],"about":[{"href":"https:\/\/feuerwehr.weyersdorf.at\/index.php?rest_route=\/wp\/v2\/types\/post"}],"author":[{"embeddable":true,"href":"https:\/\/feuerwehr.weyersdorf.at\/index.php?rest_route=\/wp\/v2\/users\/3"}],"replies":[{"embeddable":true,"href":"https:\/\/feuerwehr.weyersdorf.at\/index.php?rest_route=%2Fwp%2Fv2%2Fcomments&post=269"}],"version-history":[{"count":1,"href":"https:\/\/feuerwehr.weyersdorf.at\/index.php?rest_route=\/wp\/v2\/posts\/269\/revisions"}],"predecessor-version":[{"id":276,"href":"https:\/\/feuerwehr.weyersdorf.at\/index.php?rest_route=\/wp\/v2\/posts\/269\/revisions\/276"}],"wp:featuredmedia":[{"embeddable":true,"href":"https:\/\/feuerwehr.weyersdorf.at\/index.php?rest_route=\/wp\/v2\/media\/270"}],"wp:attachment":[{"href":"https:\/\/feuerwehr.weyersdorf.at\/index.php?rest_route=%2Fwp%2Fv2%2Fmedia&parent=269"}],"wp:term":[{"taxonomy":"category","embeddable":true,"href":"https:\/\/feuerwehr.weyersdorf.at\/index.php?rest_route=%2Fwp%2Fv2%2Fcategories&post=269"},{"taxonomy":"post_tag","embeddable":true,"href":"https:\/\/feuerwehr.weyersdorf.at\/index.php?rest_route=%2Fwp%2Fv2%2Ftags&post=269"}],"curies":[{"name":"wp","href":"https:\/\/api.w.org\/{rel}","templated":true}]}}