{"id":376,"date":"2018-07-26T08:52:30","date_gmt":"2018-07-26T06:52:30","guid":{"rendered":"https:\/\/feuerwehr.weyersdorf.at\/?p=376"},"modified":"2018-07-26T08:52:30","modified_gmt":"2018-07-26T06:52:30","slug":"ferien-langweile-beim-fire-action-day-unterbrochen","status":"publish","type":"post","link":"https:\/\/feuerwehr.weyersdorf.at\/?p=376","title":{"rendered":"Ferien-Langweile beim Fire-Action-Day unterbrochen"},"content":{"rendered":"<p>Am Freitag dem 20.07. folgten 16 Kinder im Alter zwischen 3 und 11 Jahren unserer Einladung zum 1. Weyersdorfer Fire-Action-Day. Zu Beginn konnten wir den Kids bei einer \u201eModenschau\u201c unsere verschiedenen Uniformen und pers\u00f6nliche Schutzausr\u00fcstung pr\u00e4sentieren. Gleich im Anschluss galt es bei einer Evakuierungs\u00fcbung einen brennenden Raum geordnet und in Bodenn\u00e4he zu verlassen und der eintreffenden Feuerwehr die richtigen Informationen zu geben. Durch ein Eis gest\u00e4rkt ging es dann weiter zu den vorbereiteten Stationen, welche die Kinder mit Geschick und Begeisterung absolvierten. Zur Belohnung und zum gem\u00fctlichen Abschluss gab es noch Grillw\u00fcrstel am Lagerfeuer und Urkunden von unserem Kommandanten.<br \/>\nWir d\u00fcrfen uns nochmals bei allen Kids, Eltern und allen Helfern f\u00fcr diesen spannenden und \u201ecoolen\u201c Tag bedanken.<\/p>\n","protected":false},"excerpt":{"rendered":"<p>Am Freitag dem 20.07. folgten 16 Kinder im Alter zwischen 3 und 11 Jahren unserer Einladung zum 1. Weyersdorfer Fire-Action-Day. Zu Beginn konnten wir den Kids bei einer \u201eModenschau\u201c unsere [&hellip;]<\/p>\n","protected":false},"author":3,"featured_media":380,"comment_status":"closed","ping_status":"open","sticky":false,"template":"","format":"standard","meta":{"_acf_changed":false,"footnotes":""},"categories":[21],"tags":[],"class_list":["post-376","post","type-post","status-publish","format-standard","has-post-thumbnail","hentry","category-veranstaltung"],"acf":[],"_links":{"self":[{"href":"https:\/\/feuerwehr.weyersdorf.at\/index.php?rest_route=\/wp\/v2\/posts\/376","targetHints":{"allow":["GET"]}}],"collection":[{"href":"https:\/\/feuerwehr.weyersdorf.at\/index.php?rest_route=\/wp\/v2\/posts"}],"about":[{"href":"https:\/\/feuerwehr.weyersdorf.at\/index.php?rest_route=\/wp\/v2\/types\/post"}],"author":[{"embeddable":true,"href":"https:\/\/feuerwehr.weyersdorf.at\/index.php?rest_route=\/wp\/v2\/users\/3"}],"replies":[{"embeddable":true,"href":"https:\/\/feuerwehr.weyersdorf.at\/index.php?rest_route=%2Fwp%2Fv2%2Fcomments&post=376"}],"version-history":[{"count":2,"href":"https:\/\/feuerwehr.weyersdorf.at\/index.php?rest_route=\/wp\/v2\/posts\/376\/revisions"}],"predecessor-version":[{"id":384,"href":"https:\/\/feuerwehr.weyersdorf.at\/index.php?rest_route=\/wp\/v2\/posts\/376\/revisions\/384"}],"wp:featuredmedia":[{"embeddable":true,"href":"https:\/\/feuerwehr.weyersdorf.at\/index.php?rest_route=\/wp\/v2\/media\/380"}],"wp:attachment":[{"href":"https:\/\/feuerwehr.weyersdorf.at\/index.php?rest_route=%2Fwp%2Fv2%2Fmedia&parent=376"}],"wp:term":[{"taxonomy":"category","embeddable":true,"href":"https:\/\/feuerwehr.weyersdorf.at\/index.php?rest_route=%2Fwp%2Fv2%2Fcategories&post=376"},{"taxonomy":"post_tag","embeddable":true,"href":"https:\/\/feuerwehr.weyersdorf.at\/index.php?rest_route=%2Fwp%2Fv2%2Ftags&post=376"}],"curies":[{"name":"wp","href":"https:\/\/api.w.org\/{rel}","templated":true}]}}