{"id":3937,"date":"2021-05-31T15:50:21","date_gmt":"2021-05-31T13:50:21","guid":{"rendered":"https:\/\/feuerwehr.weyersdorf.at\/?p=3937"},"modified":"2021-05-31T15:50:21","modified_gmt":"2021-05-31T13:50:21","slug":"streckensicherung-fuer-challange-st-poelten-30-05-2021","status":"publish","type":"post","link":"https:\/\/feuerwehr.weyersdorf.at\/?p=3937","title":{"rendered":"Streckensicherung f\u00fcr Challange St. P\u00f6lten 30.05.2021"},"content":{"rendered":"<p>Am Sonntag 30.05. errichteten wir f\u00fcr die Dauer der \u201eChallange St.P\u00f6lten\u201c eine tempor\u00e4re Verkehrsf\u00fchrung durch die Ortsgasse von Weyersdorf und sicherten die Radstrecke innerhalb unseres Einsatzgebietes entsprechend ab.<!--more--><\/p>\n<p>Auch die Abstimmung mit den Nachbarfeuerwehren und der Executive funktionierte trotz heuriger Corona-Ma\u00dfnahmen gewohnt routiniert.<\/p>\n<p>Wir gratulieren den Siegern und allen die sich bis ins Ziel \u201edurchgebissen\u201c haben zu Ihren sportlichen Leistungen!<\/p>\n<p>All jenen die aufgeben mussten w\u00fcnschen wir viel Kraft f\u00fcr das weitere Training, die Freiwilligen Feuerwehren werden auch n\u00e4chstes Jahr wieder f\u00fcr sichere Bedingungen auf der Radstrecke sorgen!<\/p>\n<p>&nbsp;<\/p>\n<p>Einsatzdauer So. 30.05.: 6 Stunden<\/p>\n<p>Kr\u00e4fte im Einsatz: FF-Weyersdorf 10 Mitglieder, KLFA-W und MTF<\/p>\n<p>Alle Freiwilligen Feuerwehren entlang der Radstrecke<\/p>\n","protected":false},"excerpt":{"rendered":"<p>Am Sonntag 30.05. errichteten wir f\u00fcr die Dauer der \u201eChallange St.P\u00f6lten\u201c eine tempor\u00e4re Verkehrsf\u00fchrung durch die Ortsgasse von Weyersdorf und sicherten die Radstrecke innerhalb unseres Einsatzgebietes entsprechend ab.<\/p>\n","protected":false},"author":7,"featured_media":3930,"comment_status":"closed","ping_status":"open","sticky":false,"template":"","format":"standard","meta":{"_acf_changed":false,"footnotes":""},"categories":[20],"tags":[],"class_list":["post-3937","post","type-post","status-publish","format-standard","has-post-thumbnail","hentry","category-technischer-einsatz"],"acf":[],"_links":{"self":[{"href":"https:\/\/feuerwehr.weyersdorf.at\/index.php?rest_route=\/wp\/v2\/posts\/3937","targetHints":{"allow":["GET"]}}],"collection":[{"href":"https:\/\/feuerwehr.weyersdorf.at\/index.php?rest_route=\/wp\/v2\/posts"}],"about":[{"href":"https:\/\/feuerwehr.weyersdorf.at\/index.php?rest_route=\/wp\/v2\/types\/post"}],"author":[{"embeddable":true,"href":"https:\/\/feuerwehr.weyersdorf.at\/index.php?rest_route=\/wp\/v2\/users\/7"}],"replies":[{"embeddable":true,"href":"https:\/\/feuerwehr.weyersdorf.at\/index.php?rest_route=%2Fwp%2Fv2%2Fcomments&post=3937"}],"version-history":[{"count":2,"href":"https:\/\/feuerwehr.weyersdorf.at\/index.php?rest_route=\/wp\/v2\/posts\/3937\/revisions"}],"predecessor-version":[{"id":3952,"href":"https:\/\/feuerwehr.weyersdorf.at\/index.php?rest_route=\/wp\/v2\/posts\/3937\/revisions\/3952"}],"wp:featuredmedia":[{"embeddable":true,"href":"https:\/\/feuerwehr.weyersdorf.at\/index.php?rest_route=\/wp\/v2\/media\/3930"}],"wp:attachment":[{"href":"https:\/\/feuerwehr.weyersdorf.at\/index.php?rest_route=%2Fwp%2Fv2%2Fmedia&parent=3937"}],"wp:term":[{"taxonomy":"category","embeddable":true,"href":"https:\/\/feuerwehr.weyersdorf.at\/index.php?rest_route=%2Fwp%2Fv2%2Fcategories&post=3937"},{"taxonomy":"post_tag","embeddable":true,"href":"https:\/\/feuerwehr.weyersdorf.at\/index.php?rest_route=%2Fwp%2Fv2%2Ftags&post=3937"}],"curies":[{"name":"wp","href":"https:\/\/api.w.org\/{rel}","templated":true}]}}