{"id":706,"date":"2020-03-20T11:03:40","date_gmt":"2020-03-20T10:03:40","guid":{"rendered":"https:\/\/feuerwehr.weyersdorf.at\/?p=706"},"modified":"2020-03-20T11:03:40","modified_gmt":"2020-03-20T10:03:40","slug":"brandeinsatz-in-flinsbach","status":"publish","type":"post","link":"https:\/\/feuerwehr.weyersdorf.at\/?p=706","title":{"rendered":"Brandeinsatz in Flinsbach"},"content":{"rendered":"<p>Am Montag 17. Februar 2020 um 00:38 Uhr wurde der Unterabschnitt 3 des Bezirks St. P\u00f6lten zu einem Brandalarm in Flinsbach alarmiert. <!--more--><\/p>\n<p>Der Hausbesitzer hatte aufgrund von Brandgeruch, welcher von einem Brand in der Zwischendecke ausging, die Feuerwehr alarmiert.<\/p>\n<p>Da die Zwischendecke nicht zug\u00e4nglich war, musste die Dachhaut unter Atemschutz und mittels Rettungss\u00e4ge von der FF Karlstetten ge\u00f6ffnet werden, um anschlie\u00dfend den Brand unter Kontrolle bringen zu k\u00f6nnen.<\/p>\n<p>Die entsprechende Wasserversorgung wurde von den FF Weyersdorf, Neidling und Hausenbach hergestellt,<br \/>\nweiters stellten wir einen Atemschutz-Reservetrupp.<\/p>\n<p>Bereits nach einer Stunde konnten unsere Kameraden und Kameradinnen wieder ins Feuerwehrhaus einr\u00fccken.<\/p>\n","protected":false},"excerpt":{"rendered":"<p>Am Montag 17. Februar 2020 um 00:38 Uhr wurde der Unterabschnitt 3 des Bezirks St. P\u00f6lten zu einem Brandalarm in Flinsbach alarmiert.<\/p>\n","protected":false},"author":3,"featured_media":713,"comment_status":"closed","ping_status":"open","sticky":false,"template":"","format":"standard","meta":{"_acf_changed":false,"footnotes":""},"categories":[4],"tags":[],"class_list":["post-706","post","type-post","status-publish","format-standard","has-post-thumbnail","hentry","category-brandeinsatz"],"acf":[],"_links":{"self":[{"href":"https:\/\/feuerwehr.weyersdorf.at\/index.php?rest_route=\/wp\/v2\/posts\/706","targetHints":{"allow":["GET"]}}],"collection":[{"href":"https:\/\/feuerwehr.weyersdorf.at\/index.php?rest_route=\/wp\/v2\/posts"}],"about":[{"href":"https:\/\/feuerwehr.weyersdorf.at\/index.php?rest_route=\/wp\/v2\/types\/post"}],"author":[{"embeddable":true,"href":"https:\/\/feuerwehr.weyersdorf.at\/index.php?rest_route=\/wp\/v2\/users\/3"}],"replies":[{"embeddable":true,"href":"https:\/\/feuerwehr.weyersdorf.at\/index.php?rest_route=%2Fwp%2Fv2%2Fcomments&post=706"}],"version-history":[{"count":1,"href":"https:\/\/feuerwehr.weyersdorf.at\/index.php?rest_route=\/wp\/v2\/posts\/706\/revisions"}],"predecessor-version":[{"id":714,"href":"https:\/\/feuerwehr.weyersdorf.at\/index.php?rest_route=\/wp\/v2\/posts\/706\/revisions\/714"}],"wp:featuredmedia":[{"embeddable":true,"href":"https:\/\/feuerwehr.weyersdorf.at\/index.php?rest_route=\/wp\/v2\/media\/713"}],"wp:attachment":[{"href":"https:\/\/feuerwehr.weyersdorf.at\/index.php?rest_route=%2Fwp%2Fv2%2Fmedia&parent=706"}],"wp:term":[{"taxonomy":"category","embeddable":true,"href":"https:\/\/feuerwehr.weyersdorf.at\/index.php?rest_route=%2Fwp%2Fv2%2Fcategories&post=706"},{"taxonomy":"post_tag","embeddable":true,"href":"https:\/\/feuerwehr.weyersdorf.at\/index.php?rest_route=%2Fwp%2Fv2%2Ftags&post=706"}],"curies":[{"name":"wp","href":"https:\/\/api.w.org\/{rel}","templated":true}]}}