{"id":763,"date":"2020-08-31T09:25:10","date_gmt":"2020-08-31T07:25:10","guid":{"rendered":"https:\/\/feuerwehr.weyersdorf.at\/?p=763"},"modified":"2020-08-31T09:25:10","modified_gmt":"2020-08-31T07:25:10","slug":"brandeinsatz-in-neidling","status":"publish","type":"post","link":"https:\/\/feuerwehr.weyersdorf.at\/?p=763","title":{"rendered":"Brandeinsatz in Neidling"},"content":{"rendered":"<p>Am Dienstag 25. August 2020 um 23:22 Uhr wurde der Unterabschnitt 3 des Bezirks St. P\u00f6lten, die FF Gerersdorf, FF Waitzendorf und FF St. P\u00f6lten Stadt zu einem Brand in Neidling alarmiert. <!--more--><\/p>\n<p>Die Alarmierung lautete \u201eDachstuhlbrand\u201c da es in einer Zwischendecke zu brennen begonnen hatte.<\/p>\n<p>Da die Zwischendecke nicht zug\u00e4nglich war, musste die Dachhaut unter Atemschutz und mithilfe der Drehleiter der FF St.P\u00f6lten Stadt ge\u00f6ffnet werden, um anschlie\u00dfend den Brand unter Kontrolle bringen zu k\u00f6nnen.<\/p>\n<p>Die entsprechende Wasserversorgung wurde von den FF Gerersdorf und FF Hausenbach hergestellt.<\/p>\n<p>Bereits nach zwei Stunden konnten unsere Kameraden und Kameradinnen wieder ins Feuerwehrhaus einr\u00fccken.<\/p>\n<p><a href=\"http:\/\/www2.ff-neidling.at\/index.php\/aktuelles\/einsaetze\/16-brandeinsatz\/54-brandverdacht-b1-wurde-zu-b3\" rel=\"noopener noreferrer\" target=\"_blank\">Weitere Fotos<\/a><\/p>\n","protected":false},"excerpt":{"rendered":"<p>Am Dienstag 25. August 2020 um 23:22 Uhr wurde der Unterabschnitt 3 des Bezirks St. P\u00f6lten, die FF Gerersdorf, FF Waitzendorf und FF St. P\u00f6lten Stadt zu einem Brand in [&hellip;]<\/p>\n","protected":false},"author":3,"featured_media":764,"comment_status":"closed","ping_status":"open","sticky":false,"template":"","format":"standard","meta":{"_acf_changed":false,"footnotes":""},"categories":[4],"tags":[],"class_list":["post-763","post","type-post","status-publish","format-standard","has-post-thumbnail","hentry","category-brandeinsatz"],"acf":[],"_links":{"self":[{"href":"https:\/\/feuerwehr.weyersdorf.at\/index.php?rest_route=\/wp\/v2\/posts\/763","targetHints":{"allow":["GET"]}}],"collection":[{"href":"https:\/\/feuerwehr.weyersdorf.at\/index.php?rest_route=\/wp\/v2\/posts"}],"about":[{"href":"https:\/\/feuerwehr.weyersdorf.at\/index.php?rest_route=\/wp\/v2\/types\/post"}],"author":[{"embeddable":true,"href":"https:\/\/feuerwehr.weyersdorf.at\/index.php?rest_route=\/wp\/v2\/users\/3"}],"replies":[{"embeddable":true,"href":"https:\/\/feuerwehr.weyersdorf.at\/index.php?rest_route=%2Fwp%2Fv2%2Fcomments&post=763"}],"version-history":[{"count":1,"href":"https:\/\/feuerwehr.weyersdorf.at\/index.php?rest_route=\/wp\/v2\/posts\/763\/revisions"}],"predecessor-version":[{"id":765,"href":"https:\/\/feuerwehr.weyersdorf.at\/index.php?rest_route=\/wp\/v2\/posts\/763\/revisions\/765"}],"wp:featuredmedia":[{"embeddable":true,"href":"https:\/\/feuerwehr.weyersdorf.at\/index.php?rest_route=\/wp\/v2\/media\/764"}],"wp:attachment":[{"href":"https:\/\/feuerwehr.weyersdorf.at\/index.php?rest_route=%2Fwp%2Fv2%2Fmedia&parent=763"}],"wp:term":[{"taxonomy":"category","embeddable":true,"href":"https:\/\/feuerwehr.weyersdorf.at\/index.php?rest_route=%2Fwp%2Fv2%2Fcategories&post=763"},{"taxonomy":"post_tag","embeddable":true,"href":"https:\/\/feuerwehr.weyersdorf.at\/index.php?rest_route=%2Fwp%2Fv2%2Ftags&post=763"}],"curies":[{"name":"wp","href":"https:\/\/api.w.org\/{rel}","templated":true}]}}