{"id":794,"date":"2021-01-07T09:10:40","date_gmt":"2021-01-07T08:10:40","guid":{"rendered":"https:\/\/feuerwehr.weyersdorf.at\/?p=794"},"modified":"2021-01-07T09:10:47","modified_gmt":"2021-01-07T08:10:47","slug":"kellerbrand-in-karlstetten-2","status":"publish","type":"post","link":"https:\/\/feuerwehr.weyersdorf.at\/?p=794","title":{"rendered":"Kellerbrand in Karlstetten"},"content":{"rendered":"<p>Am Abend des 28. Dezember 2020 wurden die Feuerwehren Karlstetten, Neidling, Hausenbach und Weyersdorf zu einem Kellerbrand in Karlstetten alarmiert.<br \/>\n<!--more--> Im Bereich einer Hackschnitzelheizung war aus unbekannter Ursache ein Brand entstanden, welcher vom Hausbesitzer bemerkt wurde.<br \/>\nUnter Atemschutz wurde der Hackschnitzelsilo nach und nach ausger\u00e4umt und so der Brandherd freigelegt. Parallel wurde mittels Druckbel\u00fcfter der Keller bel\u00fcftet.<br \/>\nDa aufgrund der Lagermenge der Einsatz mehrerer Atemschutztrupps erforderlich war, wurde auch das Atemluftfahrzeug der FF-Prinzersdorf nachalarmiert und eine F\u00fcllstelle mit Atemschutzsammelplatz aufgebaut. Aufgrund der fr\u00fchzeitigen Entdeckung des Brandes und der gewohnt professionellen Zusammenarbeit aller Einsatzkr\u00e4fte konnte Schlimmeres verhindert werden.<br \/>\nEingesetzte Kr\u00e4fte:<br \/>\nFF-Karlstetten<br \/>\nFF-Hausenbach<br \/>\nFF-Neidling<br \/>\nFF-Prinzersdorf<br \/>\nFF-Weyersdorf<br \/>\nRettungsdienst<br \/>\nPolizei<br \/>\nDauer: 4h<\/p>\n<p>Fotos:<br \/>\n<a href=\"http:\/\/www.feuerwehr-karlstetten.org\/cms\/aktuelles\/einsaetze\/item\/500-kellerbrand-in-karlstetten\" target=\"_blank\" rel=\"noopener noreferrer\">http:\/\/www.feuerwehr-karlstetten.org\/cms\/aktuelles\/einsaetze\/item\/500-kellerbrand-in-karlstetten<\/a><\/p>\n<p>Siehe auch:<br \/>\n<a href=\"https:\/\/www.noen.at\/st-poelten\/karlstetten-hackschnitzelheizung-geriet-in-brand-karlstetten-redaktionsfeed-brand-kellerbrand-ff-karlstetten-redaktion-239729474#\" target=\"_blank\" rel=\"noopener noreferrer\">https:\/\/www.noen.at\/st-poelten\/karlstetten-hackschnitzelheizung-geriet-in-brand-karlstetten-redaktionsfeed-brand-kellerbrand-ff-karlstetten-redaktion-239729474#<\/a><\/p>\n","protected":false},"excerpt":{"rendered":"<p>Am Abend des 28. Dezember 2020 wurden die Feuerwehren Karlstetten, Neidling, Hausenbach und Weyersdorf zu einem Kellerbrand in Karlstetten alarmiert.<\/p>\n","protected":false},"author":3,"featured_media":793,"comment_status":"closed","ping_status":"open","sticky":false,"template":"","format":"standard","meta":{"_acf_changed":false,"footnotes":""},"categories":[4],"tags":[],"class_list":["post-794","post","type-post","status-publish","format-standard","has-post-thumbnail","hentry","category-brandeinsatz"],"acf":[],"_links":{"self":[{"href":"https:\/\/feuerwehr.weyersdorf.at\/index.php?rest_route=\/wp\/v2\/posts\/794","targetHints":{"allow":["GET"]}}],"collection":[{"href":"https:\/\/feuerwehr.weyersdorf.at\/index.php?rest_route=\/wp\/v2\/posts"}],"about":[{"href":"https:\/\/feuerwehr.weyersdorf.at\/index.php?rest_route=\/wp\/v2\/types\/post"}],"author":[{"embeddable":true,"href":"https:\/\/feuerwehr.weyersdorf.at\/index.php?rest_route=\/wp\/v2\/users\/3"}],"replies":[{"embeddable":true,"href":"https:\/\/feuerwehr.weyersdorf.at\/index.php?rest_route=%2Fwp%2Fv2%2Fcomments&post=794"}],"version-history":[{"count":1,"href":"https:\/\/feuerwehr.weyersdorf.at\/index.php?rest_route=\/wp\/v2\/posts\/794\/revisions"}],"predecessor-version":[{"id":795,"href":"https:\/\/feuerwehr.weyersdorf.at\/index.php?rest_route=\/wp\/v2\/posts\/794\/revisions\/795"}],"wp:featuredmedia":[{"embeddable":true,"href":"https:\/\/feuerwehr.weyersdorf.at\/index.php?rest_route=\/wp\/v2\/media\/793"}],"wp:attachment":[{"href":"https:\/\/feuerwehr.weyersdorf.at\/index.php?rest_route=%2Fwp%2Fv2%2Fmedia&parent=794"}],"wp:term":[{"taxonomy":"category","embeddable":true,"href":"https:\/\/feuerwehr.weyersdorf.at\/index.php?rest_route=%2Fwp%2Fv2%2Fcategories&post=794"},{"taxonomy":"post_tag","embeddable":true,"href":"https:\/\/feuerwehr.weyersdorf.at\/index.php?rest_route=%2Fwp%2Fv2%2Ftags&post=794"}],"curies":[{"name":"wp","href":"https:\/\/api.w.org\/{rel}","templated":true}]}}